{"id":5228,"date":"2023-09-21T07:12:42","date_gmt":"2023-09-21T07:12:42","guid":{"rendered":"https:\/\/www.cacabelos.org\/ayuntamiento\/?p=5228"},"modified":"2023-09-29T10:26:15","modified_gmt":"2023-09-29T10:26:15","slug":"convocatoria-y-bases-para-la-subvencion-para-la-adquisicion-de-material-escolar-23-24","status":"publish","type":"post","link":"https:\/\/www.cacabelos.org\/ayuntamiento\/2023\/09\/21\/convocatoria-y-bases-para-la-subvencion-para-la-adquisicion-de-material-escolar-23-24\/","title":{"rendered":"Convocatoria y bases para la subvenci\u00f3n para la adquisici\u00f3n de material escolar 23\/24"},"content":{"rendered":"\n<p>Publicadas en el <a href=\"https:\/\/cacabelos.sedelectronica.es\/board\" target=\"_blank\" rel=\"noreferrer noopener\">tabl\u00f3n de anuncios de la Sede Electr\u00f3nica del Ayuntamiento<\/a> las bases y convocatoria para la subvenci\u00f3n para la adquisici\u00f3n de libros de texto, material did\u00e1ctico y material escolar para el curso 2023\/2024.<\/p>\n\n\n\n<ul class=\"wp-block-list\">\n<li><a href=\"https:\/\/www.bandomovil.com\/userFiles\/54\/54P9220230920_ANUNCIOBOP20-9-2023BECASPARALAADQUISICINDELIBROSDETEXTOCURSO2023-2024.pdf\" target=\"_blank\" rel=\"noreferrer noopener\">Convocatoria y bases<\/a><\/li>\n\n\n\n<li> <a href=\"https:\/\/www.bandomovil.com\/userFiles\/4f\/4fbsV20230918_ANEXOI-SOLICITUD.docx\" target=\"_blank\" rel=\"noreferrer noopener\">Anexo I &#8211; Solicitud<\/a><\/li>\n<\/ul>\n","protected":false},"excerpt":{"rendered":"<p>Publicadas en el tabl\u00f3n de anuncios de la Sede Electr\u00f3nica del Ayuntamiento las bases y convocatoria para la subvenci\u00f3n para la adquisici\u00f3n de libros de texto, material did\u00e1ctico y material [&hellip;]<\/p>\n","protected":false},"author":1,"featured_media":6,"comment_status":"open","ping_status":"open","sticky":false,"template":"","format":"standard","meta":{"_monsterinsights_skip_tracking":false,"_monsterinsights_sitenote_active":false,"_monsterinsights_sitenote_note":"","_monsterinsights_sitenote_category":0,"footnotes":""},"categories":[4],"tags":[26],"class_list":["post-5228","post","type-post","status-publish","format-standard","has-post-thumbnail","hentry","category-ayuntamiento","tag-26"],"yoast_head":"<!-- This site is optimized with the Yoast SEO plugin v21.3 - https:\/\/yoast.com\/wordpress\/plugins\/seo\/ -->\n<title>Convocatoria y bases para la subvenci\u00f3n para la adquisici\u00f3n de material escolar 23\/24 - Ayuntamiento de Cacabelos<\/title>\n<meta name=\"robots\" content=\"index, follow, max-snippet:-1, max-image-preview:large, max-video-preview:-1\" \/>\n<link rel=\"canonical\" href=\"https:\/\/www.cacabelos.org\/ayuntamiento\/2023\/09\/21\/convocatoria-y-bases-para-la-subvencion-para-la-adquisicion-de-material-escolar-23-24\/\" \/>\n<meta property=\"og:locale\" content=\"es_ES\" \/>\n<meta property=\"og:type\" content=\"article\" \/>\n<meta property=\"og:title\" content=\"Convocatoria y bases para la subvenci\u00f3n para la adquisici\u00f3n de material escolar 23\/24 - Ayuntamiento de Cacabelos\" \/>\n<meta property=\"og:description\" content=\"Publicadas en el tabl\u00f3n de anuncios de la Sede Electr\u00f3nica del Ayuntamiento las bases y convocatoria para la subvenci\u00f3n para la adquisici\u00f3n de libros de texto, material did\u00e1ctico y material [&hellip;]\" \/>\n<meta property=\"og:url\" content=\"https:\/\/www.cacabelos.org\/ayuntamiento\/2023\/09\/21\/convocatoria-y-bases-para-la-subvencion-para-la-adquisicion-de-material-escolar-23-24\/\" \/>\n<meta property=\"og:site_name\" content=\"Ayuntamiento de Cacabelos\" \/>\n<meta property=\"article:publisher\" content=\"https:\/\/www.facebook.com\/aytocacabelos\" \/>\n<meta property=\"article:published_time\" content=\"2023-09-21T07:12:42+00:00\" \/>\n<meta property=\"article:modified_time\" content=\"2023-09-29T10:26:15+00:00\" \/>\n<meta property=\"og:image\" content=\"https:\/\/www.cacabelos.org\/ayuntamiento\/wp-content\/uploads\/2023\/05\/Escudo_Cacabelos_sin-_fondo-e1685355632693.png\" \/>\n\t<meta property=\"og:image:width\" content=\"400\" \/>\n\t<meta property=\"og:image:height\" content=\"439\" \/>\n\t<meta property=\"og:image:type\" content=\"image\/png\" \/>\n<meta name=\"author\" content=\"admin\" \/>\n<meta name=\"twitter:card\" content=\"summary_large_image\" \/>\n<meta name=\"twitter:creator\" content=\"@aytocacabelos\" \/>\n<meta name=\"twitter:site\" content=\"@aytocacabelos\" \/>\n<meta name=\"twitter:label1\" content=\"Escrito por\" \/>\n\t<meta name=\"twitter:data1\" content=\"admin\" \/>\n\t<meta name=\"twitter:label2\" content=\"Tiempo de lectura\" \/>\n\t<meta name=\"twitter:data2\" content=\"1 minuto\" \/>\n<script type=\"application\/ld+json\" class=\"yoast-schema-graph\">{\"@context\":\"https:\/\/schema.org\",\"@graph\":[{\"@type\":\"Article\",\"@id\":\"https:\/\/www.cacabelos.org\/ayuntamiento\/2023\/09\/21\/convocatoria-y-bases-para-la-subvencion-para-la-adquisicion-de-material-escolar-23-24\/#article\",\"isPartOf\":{\"@id\":\"https:\/\/www.cacabelos.org\/ayuntamiento\/2023\/09\/21\/convocatoria-y-bases-para-la-subvencion-para-la-adquisicion-de-material-escolar-23-24\/\"},\"author\":{\"name\":\"admin\",\"@id\":\"https:\/\/www.cacabelos.org\/ayuntamiento\/#\/schema\/person\/260f879c6e0aa0664a0be665942b4709\"},\"headline\":\"Convocatoria y bases para la subvenci\u00f3n para la adquisici\u00f3n de material escolar 23\/24\",\"datePublished\":\"2023-09-21T07:12:42+00:00\",\"dateModified\":\"2023-09-29T10:26:15+00:00\",\"mainEntityOfPage\":{\"@id\":\"https:\/\/www.cacabelos.org\/ayuntamiento\/2023\/09\/21\/convocatoria-y-bases-para-la-subvencion-para-la-adquisicion-de-material-escolar-23-24\/\"},\"wordCount\":60,\"commentCount\":0,\"publisher\":{\"@id\":\"https:\/\/www.cacabelos.org\/ayuntamiento\/#organization\"},\"keywords\":[\"2023\"],\"articleSection\":[\"Ayuntamiento\"],\"inLanguage\":\"es\",\"potentialAction\":[{\"@type\":\"CommentAction\",\"name\":\"Comment\",\"target\":[\"https:\/\/www.cacabelos.org\/ayuntamiento\/2023\/09\/21\/convocatoria-y-bases-para-la-subvencion-para-la-adquisicion-de-material-escolar-23-24\/#respond\"]}]},{\"@type\":\"WebPage\",\"@id\":\"https:\/\/www.cacabelos.org\/ayuntamiento\/2023\/09\/21\/convocatoria-y-bases-para-la-subvencion-para-la-adquisicion-de-material-escolar-23-24\/\",\"url\":\"https:\/\/www.cacabelos.org\/ayuntamiento\/2023\/09\/21\/convocatoria-y-bases-para-la-subvencion-para-la-adquisicion-de-material-escolar-23-24\/\",\"name\":\"Convocatoria y bases para la subvenci\u00f3n para la adquisici\u00f3n de material escolar 23\/24 - Ayuntamiento de Cacabelos\",\"isPartOf\":{\"@id\":\"https:\/\/www.cacabelos.org\/ayuntamiento\/#website\"},\"datePublished\":\"2023-09-21T07:12:42+00:00\",\"dateModified\":\"2023-09-29T10:26:15+00:00\",\"breadcrumb\":{\"@id\":\"https:\/\/www.cacabelos.org\/ayuntamiento\/2023\/09\/21\/convocatoria-y-bases-para-la-subvencion-para-la-adquisicion-de-material-escolar-23-24\/#breadcrumb\"},\"inLanguage\":\"es\",\"potentialAction\":[{\"@type\":\"ReadAction\",\"target\":[\"https:\/\/www.cacabelos.org\/ayuntamiento\/2023\/09\/21\/convocatoria-y-bases-para-la-subvencion-para-la-adquisicion-de-material-escolar-23-24\/\"]}]},{\"@type\":\"BreadcrumbList\",\"@id\":\"https:\/\/www.cacabelos.org\/ayuntamiento\/2023\/09\/21\/convocatoria-y-bases-para-la-subvencion-para-la-adquisicion-de-material-escolar-23-24\/#breadcrumb\",\"itemListElement\":[{\"@type\":\"ListItem\",\"position\":1,\"name\":\"Portada\",\"item\":\"https:\/\/www.cacabelos.org\/ayuntamiento\/\"},{\"@type\":\"ListItem\",\"position\":2,\"name\":\"Convocatoria y bases para la subvenci\u00f3n para la adquisici\u00f3n de material escolar 23\/24\"}]},{\"@type\":\"WebSite\",\"@id\":\"https:\/\/www.cacabelos.org\/ayuntamiento\/#website\",\"url\":\"https:\/\/www.cacabelos.org\/ayuntamiento\/\",\"name\":\"Ayuntamiento de Cacabelos\",\"description\":\"Ayuntamiento de Cacabelos\",\"publisher\":{\"@id\":\"https:\/\/www.cacabelos.org\/ayuntamiento\/#organization\"},\"potentialAction\":[{\"@type\":\"SearchAction\",\"target\":{\"@type\":\"EntryPoint\",\"urlTemplate\":\"https:\/\/www.cacabelos.org\/ayuntamiento\/?s={search_term_string}\"},\"query-input\":\"required name=search_term_string\"}],\"inLanguage\":\"es\"},{\"@type\":\"Organization\",\"@id\":\"https:\/\/www.cacabelos.org\/ayuntamiento\/#organization\",\"name\":\"Ayuntamiento de Cacabelos\",\"url\":\"https:\/\/www.cacabelos.org\/ayuntamiento\/\",\"logo\":{\"@type\":\"ImageObject\",\"inLanguage\":\"es\",\"@id\":\"https:\/\/www.cacabelos.org\/ayuntamiento\/#\/schema\/logo\/image\/\",\"url\":\"https:\/\/www.cacabelos.org\/ayuntamiento\/wp-content\/uploads\/2023\/05\/Escudo_Cacabelos_sin-_fondo.png\",\"contentUrl\":\"https:\/\/www.cacabelos.org\/ayuntamiento\/wp-content\/uploads\/2023\/05\/Escudo_Cacabelos_sin-_fondo.png\",\"width\":907,\"height\":995,\"caption\":\"Ayuntamiento de Cacabelos\"},\"image\":{\"@id\":\"https:\/\/www.cacabelos.org\/ayuntamiento\/#\/schema\/logo\/image\/\"},\"sameAs\":[\"https:\/\/www.facebook.com\/aytocacabelos\",\"https:\/\/twitter.com\/aytocacabelos\",\"https:\/\/www.instagram.com\/ayuntamientocacabelos\/\"]},{\"@type\":\"Person\",\"@id\":\"https:\/\/www.cacabelos.org\/ayuntamiento\/#\/schema\/person\/260f879c6e0aa0664a0be665942b4709\",\"name\":\"admin\",\"image\":{\"@type\":\"ImageObject\",\"inLanguage\":\"es\",\"@id\":\"https:\/\/www.cacabelos.org\/ayuntamiento\/#\/schema\/person\/image\/\",\"url\":\"https:\/\/secure.gravatar.com\/avatar\/ad158b3e67c8e156e785003e01644a77755804830014b9d874d04860a778c395?s=96&d=mm&r=g\",\"contentUrl\":\"https:\/\/secure.gravatar.com\/avatar\/ad158b3e67c8e156e785003e01644a77755804830014b9d874d04860a778c395?s=96&d=mm&r=g\",\"caption\":\"admin\"},\"sameAs\":[\"https:\/\/www.cacabelos.org\/ayuntamiento\"],\"url\":\"https:\/\/www.cacabelos.org\/ayuntamiento\/author\/admin\/\"}]}<\/script>\n<!-- \/ Yoast SEO plugin. -->","yoast_head_json":{"title":"Convocatoria y bases para la subvenci\u00f3n para la adquisici\u00f3n de material escolar 23\/24 - Ayuntamiento de Cacabelos","robots":{"index":"index","follow":"follow","max-snippet":"max-snippet:-1","max-image-preview":"max-image-preview:large","max-video-preview":"max-video-preview:-1"},"canonical":"https:\/\/www.cacabelos.org\/ayuntamiento\/2023\/09\/21\/convocatoria-y-bases-para-la-subvencion-para-la-adquisicion-de-material-escolar-23-24\/","og_locale":"es_ES","og_type":"article","og_title":"Convocatoria y bases para la subvenci\u00f3n para la adquisici\u00f3n de material escolar 23\/24 - Ayuntamiento de Cacabelos","og_description":"Publicadas en el tabl\u00f3n de anuncios de la Sede Electr\u00f3nica del Ayuntamiento las bases y convocatoria para la subvenci\u00f3n para la adquisici\u00f3n de libros de texto, material did\u00e1ctico y material [&hellip;]","og_url":"https:\/\/www.cacabelos.org\/ayuntamiento\/2023\/09\/21\/convocatoria-y-bases-para-la-subvencion-para-la-adquisicion-de-material-escolar-23-24\/","og_site_name":"Ayuntamiento de Cacabelos","article_publisher":"https:\/\/www.facebook.com\/aytocacabelos","article_published_time":"2023-09-21T07:12:42+00:00","article_modified_time":"2023-09-29T10:26:15+00:00","og_image":[{"width":400,"height":439,"url":"https:\/\/www.cacabelos.org\/ayuntamiento\/wp-content\/uploads\/2023\/05\/Escudo_Cacabelos_sin-_fondo-e1685355632693.png","type":"image\/png"}],"author":"admin","twitter_card":"summary_large_image","twitter_creator":"@aytocacabelos","twitter_site":"@aytocacabelos","twitter_misc":{"Escrito por":"admin","Tiempo de lectura":"1 minuto"},"schema":{"@context":"https:\/\/schema.org","@graph":[{"@type":"Article","@id":"https:\/\/www.cacabelos.org\/ayuntamiento\/2023\/09\/21\/convocatoria-y-bases-para-la-subvencion-para-la-adquisicion-de-material-escolar-23-24\/#article","isPartOf":{"@id":"https:\/\/www.cacabelos.org\/ayuntamiento\/2023\/09\/21\/convocatoria-y-bases-para-la-subvencion-para-la-adquisicion-de-material-escolar-23-24\/"},"author":{"name":"admin","@id":"https:\/\/www.cacabelos.org\/ayuntamiento\/#\/schema\/person\/260f879c6e0aa0664a0be665942b4709"},"headline":"Convocatoria y bases para la subvenci\u00f3n para la adquisici\u00f3n de material escolar 23\/24","datePublished":"2023-09-21T07:12:42+00:00","dateModified":"2023-09-29T10:26:15+00:00","mainEntityOfPage":{"@id":"https:\/\/www.cacabelos.org\/ayuntamiento\/2023\/09\/21\/convocatoria-y-bases-para-la-subvencion-para-la-adquisicion-de-material-escolar-23-24\/"},"wordCount":60,"commentCount":0,"publisher":{"@id":"https:\/\/www.cacabelos.org\/ayuntamiento\/#organization"},"keywords":["2023"],"articleSection":["Ayuntamiento"],"inLanguage":"es","potentialAction":[{"@type":"CommentAction","name":"Comment","target":["https:\/\/www.cacabelos.org\/ayuntamiento\/2023\/09\/21\/convocatoria-y-bases-para-la-subvencion-para-la-adquisicion-de-material-escolar-23-24\/#respond"]}]},{"@type":"WebPage","@id":"https:\/\/www.cacabelos.org\/ayuntamiento\/2023\/09\/21\/convocatoria-y-bases-para-la-subvencion-para-la-adquisicion-de-material-escolar-23-24\/","url":"https:\/\/www.cacabelos.org\/ayuntamiento\/2023\/09\/21\/convocatoria-y-bases-para-la-subvencion-para-la-adquisicion-de-material-escolar-23-24\/","name":"Convocatoria y bases para la subvenci\u00f3n para la adquisici\u00f3n de material escolar 23\/24 - Ayuntamiento de Cacabelos","isPartOf":{"@id":"https:\/\/www.cacabelos.org\/ayuntamiento\/#website"},"datePublished":"2023-09-21T07:12:42+00:00","dateModified":"2023-09-29T10:26:15+00:00","breadcrumb":{"@id":"https:\/\/www.cacabelos.org\/ayuntamiento\/2023\/09\/21\/convocatoria-y-bases-para-la-subvencion-para-la-adquisicion-de-material-escolar-23-24\/#breadcrumb"},"inLanguage":"es","potentialAction":[{"@type":"ReadAction","target":["https:\/\/www.cacabelos.org\/ayuntamiento\/2023\/09\/21\/convocatoria-y-bases-para-la-subvencion-para-la-adquisicion-de-material-escolar-23-24\/"]}]},{"@type":"BreadcrumbList","@id":"https:\/\/www.cacabelos.org\/ayuntamiento\/2023\/09\/21\/convocatoria-y-bases-para-la-subvencion-para-la-adquisicion-de-material-escolar-23-24\/#breadcrumb","itemListElement":[{"@type":"ListItem","position":1,"name":"Portada","item":"https:\/\/www.cacabelos.org\/ayuntamiento\/"},{"@type":"ListItem","position":2,"name":"Convocatoria y bases para la subvenci\u00f3n para la adquisici\u00f3n de material escolar 23\/24"}]},{"@type":"WebSite","@id":"https:\/\/www.cacabelos.org\/ayuntamiento\/#website","url":"https:\/\/www.cacabelos.org\/ayuntamiento\/","name":"Ayuntamiento de Cacabelos","description":"Ayuntamiento de Cacabelos","publisher":{"@id":"https:\/\/www.cacabelos.org\/ayuntamiento\/#organization"},"potentialAction":[{"@type":"SearchAction","target":{"@type":"EntryPoint","urlTemplate":"https:\/\/www.cacabelos.org\/ayuntamiento\/?s={search_term_string}"},"query-input":"required name=search_term_string"}],"inLanguage":"es"},{"@type":"Organization","@id":"https:\/\/www.cacabelos.org\/ayuntamiento\/#organization","name":"Ayuntamiento de Cacabelos","url":"https:\/\/www.cacabelos.org\/ayuntamiento\/","logo":{"@type":"ImageObject","inLanguage":"es","@id":"https:\/\/www.cacabelos.org\/ayuntamiento\/#\/schema\/logo\/image\/","url":"https:\/\/www.cacabelos.org\/ayuntamiento\/wp-content\/uploads\/2023\/05\/Escudo_Cacabelos_sin-_fondo.png","contentUrl":"https:\/\/www.cacabelos.org\/ayuntamiento\/wp-content\/uploads\/2023\/05\/Escudo_Cacabelos_sin-_fondo.png","width":907,"height":995,"caption":"Ayuntamiento de Cacabelos"},"image":{"@id":"https:\/\/www.cacabelos.org\/ayuntamiento\/#\/schema\/logo\/image\/"},"sameAs":["https:\/\/www.facebook.com\/aytocacabelos","https:\/\/twitter.com\/aytocacabelos","https:\/\/www.instagram.com\/ayuntamientocacabelos\/"]},{"@type":"Person","@id":"https:\/\/www.cacabelos.org\/ayuntamiento\/#\/schema\/person\/260f879c6e0aa0664a0be665942b4709","name":"admin","image":{"@type":"ImageObject","inLanguage":"es","@id":"https:\/\/www.cacabelos.org\/ayuntamiento\/#\/schema\/person\/image\/","url":"https:\/\/secure.gravatar.com\/avatar\/ad158b3e67c8e156e785003e01644a77755804830014b9d874d04860a778c395?s=96&d=mm&r=g","contentUrl":"https:\/\/secure.gravatar.com\/avatar\/ad158b3e67c8e156e785003e01644a77755804830014b9d874d04860a778c395?s=96&d=mm&r=g","caption":"admin"},"sameAs":["https:\/\/www.cacabelos.org\/ayuntamiento"],"url":"https:\/\/www.cacabelos.org\/ayuntamiento\/author\/admin\/"}]}},"_links":{"self":[{"href":"https:\/\/www.cacabelos.org\/ayuntamiento\/wp-json\/wp\/v2\/posts\/5228","targetHints":{"allow":["GET"]}}],"collection":[{"href":"https:\/\/www.cacabelos.org\/ayuntamiento\/wp-json\/wp\/v2\/posts"}],"about":[{"href":"https:\/\/www.cacabelos.org\/ayuntamiento\/wp-json\/wp\/v2\/types\/post"}],"author":[{"embeddable":true,"href":"https:\/\/www.cacabelos.org\/ayuntamiento\/wp-json\/wp\/v2\/users\/1"}],"replies":[{"embeddable":true,"href":"https:\/\/www.cacabelos.org\/ayuntamiento\/wp-json\/wp\/v2\/comments?post=5228"}],"version-history":[{"count":3,"href":"https:\/\/www.cacabelos.org\/ayuntamiento\/wp-json\/wp\/v2\/posts\/5228\/revisions"}],"predecessor-version":[{"id":5254,"href":"https:\/\/www.cacabelos.org\/ayuntamiento\/wp-json\/wp\/v2\/posts\/5228\/revisions\/5254"}],"wp:featuredmedia":[{"embeddable":true,"href":"https:\/\/www.cacabelos.org\/ayuntamiento\/wp-json\/wp\/v2\/media\/6"}],"wp:attachment":[{"href":"https:\/\/www.cacabelos.org\/ayuntamiento\/wp-json\/wp\/v2\/media?parent=5228"}],"wp:term":[{"taxonomy":"category","embeddable":true,"href":"https:\/\/www.cacabelos.org\/ayuntamiento\/wp-json\/wp\/v2\/categories?post=5228"},{"taxonomy":"post_tag","embeddable":true,"href":"https:\/\/www.cacabelos.org\/ayuntamiento\/wp-json\/wp\/v2\/tags?post=5228"}],"curies":[{"name":"wp","href":"https:\/\/api.w.org\/{rel}","templated":true}]}}